  {"id":1801,"date":"2026-04-03T08:59:03","date_gmt":"2026-04-03T08:59:03","guid":{"rendered":"https:\/\/lepostilloneschsursure.lu\/?p=1801"},"modified":"2026-03-24T09:01:59","modified_gmt":"2026-03-24T09:01:59","slug":"ouverture-de-la-terrasse-et-joyeuses-paques","status":"publish","type":"post","link":"https:\/\/lepostilloneschsursure.lu\/nl\/ouverture-de-la-terrasse-et-joyeuses-paques\/","title":{"rendered":"Ouverture de la terrasse et joyeuses P\u00e2ques"},"content":{"rendered":"<div>\n<p>\u2600\ufe0f<span class=\"apple-converted-space\">\u00a0<\/span>Premier rayon de soleil !<span class=\"apple-converted-space\">\u00a0<\/span>\u2600\ufe0f<\/p>\n<\/div>\n<div>\n<p>Nous rouvrons<span class=\"apple-converted-space\">\u00a0<\/span>notre terrasse pour P\u00e2ques<span class=\"apple-converted-space\">\u00a0<\/span>\ud83c\udf37\ud83c\udf79<\/p>\n<\/div>\n<div>\n<p>C\u2019est le<span class=\"apple-converted-space\">\u00a0<\/span>d\u00e9but de la saison 2026<span class=\"apple-converted-space\">\u00a0<\/span>au<span class=\"apple-converted-space\">\u00a0<\/span>H\u00f4tel Le Postillon \u2013 Esch-sur-S\u00fbre. Profitez d\u2019un moment de d\u00e9tente et d\u2019un s\u00e9jour agr\u00e9able !<\/p>\n<\/div>\n<div>\n<p>&nbsp;<\/p>\n<\/div>\n<div>\n<p>\ud83d\udccd<span class=\"apple-converted-space\">\u00a0<\/span>Adresse<span class=\"apple-converted-space\">\u00a0<\/span>: 1, rue de l\u2019\u00c9glise, L-9650 Esch-sur-S\u00fbre<br \/>\n\ud83d\udcde<span class=\"apple-converted-space\">\u00a0<\/span>Tel<span class=\"apple-converted-space\">\u00a0<\/span>: +352 89 90 33<\/p>\n<\/div>\n<div>\n<p>\u2709\ufe0f<span class=\"apple-converted-space\">\u00a0<\/span>Email<span class=\"apple-converted-space\">\u00a0<\/span>:<span class=\"apple-converted-space\">\u00a0<\/span><a href=\"mailto:conrad@lepostillon.lu\">conrad@lepostillon.lu<\/a><\/p>\n<\/div>\n<div>\n<p>&nbsp;<\/p>\n<\/div>\n<div>\n<p>#LePostillon #EschSurS\u00fbre #Terrasse #D\u00e9butDeSaison #P\u00e2ques2026 #S\u00e9jourConfortable #VacancesLuxembourg #Gastronomie #WeekendGetaway #MomentsDeD\u00e9tente<\/p>\n<p><img loading=\"lazy\" decoding=\"async\" class=\"alignnone size-medium wp-image-1802\" src=\"https:\/\/lepostilloneschsursure.lu\/wp-content\/uploads\/2026\/03\/terrasse-212x300.jpg\" alt=\"\" width=\"212\" height=\"300\" srcset=\"https:\/\/lepostilloneschsursure.lu\/wp-content\/uploads\/2026\/03\/terrasse-212x300.jpg 212w, https:\/\/lepostilloneschsursure.lu\/wp-content\/uploads\/2026\/03\/terrasse-724x1024.jpg 724w, https:\/\/lepostilloneschsursure.lu\/wp-content\/uploads\/2026\/03\/terrasse-768x1086.jpg 768w, https:\/\/lepostilloneschsursure.lu\/wp-content\/uploads\/2026\/03\/terrasse-1086x1536.jpg 1086w, https:\/\/lepostilloneschsursure.lu\/wp-content\/uploads\/2026\/03\/terrasse-8x12.jpg 8w, https:\/\/lepostilloneschsursure.lu\/wp-content\/uploads\/2026\/03\/terrasse.jpg 1414w\" sizes=\"auto, (max-width: 212px) 100vw, 212px\" \/><\/p>\n<\/div>\n<div>\n<p class=\"Standard\"><span lang=\"DE-LU\">Erster\u00a0 Sonnenstrahl\u00a0<\/span><\/p>\n<\/div>\n<div>\n<p class=\"Standard\"><span lang=\"DE-LU\">Wir\u00a0 eroeffnen\u00a0 unsere\u00a0 Terrasse\u00a0 fuer\u00a0 Ostern\u00a0 2026<\/span><\/p>\n<\/div>\n<div>\n<p class=\"Standard\"><span lang=\"DE-LU\">Es\u00a0 ist\u00a0 Saisonanfang\u00a0 im Hotel le\u00a0 Postillon\u00a0 in\u00a0 Esch Sauer<\/span><\/p>\n<\/div>\n<div>\n<p class=\"Standard\"><span lang=\"DE-LU\">Profitieren\u00a0 sie\u00a0 von einem\u00a0 Moment der\u00a0 Entspannung\u00a0 und einem angenehmen\u00a0\u00a0 Aufenthalt\u00a0<\/span><\/p>\n<\/div>\n<p>\ud83c\udf38\u2728 Sch\u00e9in Ouschterdeeg \u2728\ud83c\udf38<\/p>\n<p>D\u00e9i ganz Ekipp vum H\u00f4tel Restaurant Le Postillon zu Esch-Sauer w\u00ebnscht Iech sch\u00e9in Ouschterdeeg \ud83d\udc23\ud83d\udc9b<\/p>\n<p>Mir hoffen, datt d\u00ebse Weekend voller Freed, sch\u00e9ine Momenter mat der Famill an\u2026 vill Leckereien ass \ud83c\udf6b\ud83c\udf37<\/p>\n<p>Toute l\u2019\u00e9quipe de l\u2019H\u00f4tel Restaurant Le Postillon \u00e0 Esch-sur-S\u00fbre vous souhaite de tr\u00e8s belles f\u00eates de P\u00e2ques \ud83d\udc23\ud83d\udc9b<\/p>\n<p>Que ce week-end soit rempli de douceur, de moments pr\u00e9cieux en famille et\u2026 de gourmandises \ud83c\udf6b\ud83c\udf37<\/p>\n<p>C\u2019est l\u2019occasion parfaite pour se retrouver autour d\u2019un bon repas dans un cadre chaleureux et authentique.<\/p>\n<p>Nous serions ravis de vous accueillir pour c\u00e9l\u00e9brer P\u00e2ques et profiter de la terrasse \ud83c\udf3f\ud83c\udf7d\ufe0f<\/p>\n<p>Joyeuses f\u00eates \u00e0 tous \ud83c\udf3c<\/p>\n<p><img loading=\"lazy\" decoding=\"async\" class=\"alignnone size-medium wp-image-1803\" src=\"https:\/\/lepostilloneschsursure.lu\/wp-content\/uploads\/2026\/03\/paques-postillon-240x300.jpg\" alt=\"\" width=\"240\" height=\"300\" srcset=\"https:\/\/lepostilloneschsursure.lu\/wp-content\/uploads\/2026\/03\/paques-postillon-240x300.jpg 240w, https:\/\/lepostilloneschsursure.lu\/wp-content\/uploads\/2026\/03\/paques-postillon-819x1024.jpg 819w, https:\/\/lepostilloneschsursure.lu\/wp-content\/uploads\/2026\/03\/paques-postillon-768x960.jpg 768w, https:\/\/lepostilloneschsursure.lu\/wp-content\/uploads\/2026\/03\/paques-postillon-10x12.jpg 10w, https:\/\/lepostilloneschsursure.lu\/wp-content\/uploads\/2026\/03\/paques-postillon.jpg 1080w\" sizes=\"auto, (max-width: 240px) 100vw, 240px\" \/><\/p>","protected":false},"excerpt":{"rendered":"<p>\u2600\ufe0f\u00a0Premier rayon de soleil !\u00a0\u2600\ufe0f Nous rouvrons\u00a0notre terrasse pour P\u00e2ques\u00a0\ud83c\udf37\ud83c\udf79 C\u2019est le\u00a0d\u00e9but de la saison 2026\u00a0au\u00a0H\u00f4tel Le Postillon \u2013 Esch-sur-S\u00fbre. Profitez d\u2019un moment de d\u00e9tente et d\u2019un s\u00e9jour agr\u00e9able ! &nbsp; \ud83d\udccd\u00a0Adresse\u00a0: 1, rue de l\u2019\u00c9glise, L-9650 Esch-sur-S\u00fbre \ud83d\udcde\u00a0Tel\u00a0: +352 89 90 33 \u2709\ufe0f\u00a0Email\u00a0:\u00a0conrad@lepostillon.lu &nbsp; #LePostillon #EschSurS\u00fbre #Terrasse #D\u00e9butDeSaison #P\u00e2ques2026 #S\u00e9jourConfortable #VacancesLuxembourg #Gastronomie #WeekendGetaway #MomentsDeD\u00e9tente [&hellip;]<\/p>\n","protected":false},"author":4,"featured_media":1802,"comment_status":"closed","ping_status":"closed","sticky":false,"template":"","format":"standard","meta":{"_acf_changed":false,"footnotes":""},"categories":[1],"tags":[],"class_list":["post-1801","post","type-post","status-publish","format-standard","has-post-thumbnail","hentry","category-uncategorized"],"acf":[],"rttpg_featured_image_url":{"full":["https:\/\/lepostilloneschsursure.lu\/wp-content\/uploads\/2026\/03\/terrasse.jpg",1414,2000,false],"landscape":["https:\/\/lepostilloneschsursure.lu\/wp-content\/uploads\/2026\/03\/terrasse.jpg",1414,2000,false],"portraits":["https:\/\/lepostilloneschsursure.lu\/wp-content\/uploads\/2026\/03\/terrasse.jpg",1414,2000,false],"thumbnail":["https:\/\/lepostilloneschsursure.lu\/wp-content\/uploads\/2026\/03\/terrasse-150x150.jpg",150,150,true],"medium":["https:\/\/lepostilloneschsursure.lu\/wp-content\/uploads\/2026\/03\/terrasse-212x300.jpg",212,300,true],"large":["https:\/\/lepostilloneschsursure.lu\/wp-content\/uploads\/2026\/03\/terrasse-724x1024.jpg",724,1024,true],"1536x1536":["https:\/\/lepostilloneschsursure.lu\/wp-content\/uploads\/2026\/03\/terrasse-1086x1536.jpg",1086,1536,true],"2048x2048":["https:\/\/lepostilloneschsursure.lu\/wp-content\/uploads\/2026\/03\/terrasse.jpg",1414,2000,false],"trp-custom-language-flag":["https:\/\/lepostilloneschsursure.lu\/wp-content\/uploads\/2026\/03\/terrasse-8x12.jpg",8,12,true]},"rttpg_author":{"display_name":"lepostillon-admin","author_link":"https:\/\/lepostilloneschsursure.lu\/nl\/author\/lepostillon-admin\/"},"rttpg_comment":0,"rttpg_category":"<a href=\"https:\/\/lepostilloneschsursure.lu\/nl\/category\/uncategorized\/\" rel=\"category tag\">Uncategorized<\/a>","rttpg_excerpt":"\u2600\ufe0f\u00a0Premier rayon de soleil !\u00a0\u2600\ufe0f Nous rouvrons\u00a0notre terrasse pour P\u00e2ques\u00a0\ud83c\udf37\ud83c\udf79 C\u2019est le\u00a0d\u00e9but de la saison 2026\u00a0au\u00a0H\u00f4tel Le Postillon \u2013 Esch-sur-S\u00fbre. Profitez d\u2019un moment de d\u00e9tente et d\u2019un s\u00e9jour agr\u00e9able ! &nbsp; \ud83d\udccd\u00a0Adresse\u00a0: 1, rue de l\u2019\u00c9glise, L-9650 Esch-sur-S\u00fbre \ud83d\udcde\u00a0Tel\u00a0: +352 89 90 33 \u2709\ufe0f\u00a0Email\u00a0:\u00a0conrad@lepostillon.lu &nbsp; #LePostillon #EschSurS\u00fbre #Terrasse #D\u00e9butDeSaison #P\u00e2ques2026 #S\u00e9jourConfortable #VacancesLuxembourg #Gastronomie #WeekendGetaway #MomentsDeD\u00e9tente&hellip;","_links":{"self":[{"href":"https:\/\/lepostilloneschsursure.lu\/nl\/wp-json\/wp\/v2\/posts\/1801","targetHints":{"allow":["GET"]}}],"collection":[{"href":"https:\/\/lepostilloneschsursure.lu\/nl\/wp-json\/wp\/v2\/posts"}],"about":[{"href":"https:\/\/lepostilloneschsursure.lu\/nl\/wp-json\/wp\/v2\/types\/post"}],"author":[{"embeddable":true,"href":"https:\/\/lepostilloneschsursure.lu\/nl\/wp-json\/wp\/v2\/users\/4"}],"replies":[{"embeddable":true,"href":"https:\/\/lepostilloneschsursure.lu\/nl\/wp-json\/wp\/v2\/comments?post=1801"}],"version-history":[{"count":1,"href":"https:\/\/lepostilloneschsursure.lu\/nl\/wp-json\/wp\/v2\/posts\/1801\/revisions"}],"predecessor-version":[{"id":1804,"href":"https:\/\/lepostilloneschsursure.lu\/nl\/wp-json\/wp\/v2\/posts\/1801\/revisions\/1804"}],"wp:featuredmedia":[{"embeddable":true,"href":"https:\/\/lepostilloneschsursure.lu\/nl\/wp-json\/wp\/v2\/media\/1802"}],"wp:attachment":[{"href":"https:\/\/lepostilloneschsursure.lu\/nl\/wp-json\/wp\/v2\/media?parent=1801"}],"wp:term":[{"taxonomy":"category","embeddable":true,"href":"https:\/\/lepostilloneschsursure.lu\/nl\/wp-json\/wp\/v2\/categories?post=1801"},{"taxonomy":"post_tag","embeddable":true,"href":"https:\/\/lepostilloneschsursure.lu\/nl\/wp-json\/wp\/v2\/tags?post=1801"}],"curies":[{"name":"wp","href":"https:\/\/api.w.org\/{rel}","templated":true}]}}